{"id":382,"date":"2011-07-04T08:06:00","date_gmt":"2011-07-04T08:06:00","guid":{"rendered":"https:\/\/dev.piu.rs\/?p=382"},"modified":"2024-06-04T10:40:39","modified_gmt":"2024-06-04T10:40:39","slug":"obilazak-gradilista-ntp-zvezdara","status":"publish","type":"post","link":"https:\/\/piu.rs\/en\/obilazak-gradilista-ntp-zvezdara\/","title":{"rendered":"Obilazak gradili\u0161ta NTP Zvezdara"},"content":{"rendered":"<p>Po\u010detak jula meseca obele\u017een je postavljanjem skela za potrebe postavke fasade u objektima Nau\u010dno-tehnolo\u0161kog parka Zvezdara, a istovremeno se privode kraju postavljanje horizontalnih razvoda instalacija. Radovi se realizuju u skladu sa predvi\u0111enom dinamikom.<\/p>\n\n\n\n<figure class=\"wp-block-image size-full\"><img loading=\"lazy\" decoding=\"async\" width=\"752\" height=\"500\" src=\"https:\/\/dev.piu.rs\/wp-content\/uploads\/2024\/06\/20-full-3.jpg\" alt=\"\" class=\"wp-image-384\" srcset=\"https:\/\/piu.rs\/wp-content\/uploads\/2024\/06\/20-full-3.jpg 752w, https:\/\/piu.rs\/wp-content\/uploads\/2024\/06\/20-full-3-300x199.jpg 300w\" sizes=\"auto, (max-width: 752px) 100vw, 752px\" \/><\/figure>\n\n\n\n<figure class=\"wp-block-image size-full\"><img loading=\"lazy\" decoding=\"async\" width=\"752\" height=\"500\" src=\"https:\/\/dev.piu.rs\/wp-content\/uploads\/2024\/06\/20-full-4.jpg\" alt=\"\" class=\"wp-image-385\" srcset=\"https:\/\/piu.rs\/wp-content\/uploads\/2024\/06\/20-full-4.jpg 752w, https:\/\/piu.rs\/wp-content\/uploads\/2024\/06\/20-full-4-300x199.jpg 300w\" sizes=\"auto, (max-width: 752px) 100vw, 752px\" \/><\/figure>\n\n\n\n<figure class=\"wp-block-image size-full\"><img loading=\"lazy\" decoding=\"async\" width=\"752\" height=\"500\" src=\"https:\/\/dev.piu.rs\/wp-content\/uploads\/2024\/06\/20-full-5.jpg\" alt=\"\" class=\"wp-image-386\" srcset=\"https:\/\/piu.rs\/wp-content\/uploads\/2024\/06\/20-full-5.jpg 752w, https:\/\/piu.rs\/wp-content\/uploads\/2024\/06\/20-full-5-300x199.jpg 300w\" sizes=\"auto, (max-width: 752px) 100vw, 752px\" \/><\/figure>\n\n\n\n<figure class=\"wp-block-image size-full\"><img loading=\"lazy\" decoding=\"async\" width=\"752\" height=\"500\" src=\"https:\/\/dev.piu.rs\/wp-content\/uploads\/2024\/06\/20-full-6.jpg\" alt=\"\" class=\"wp-image-387\" srcset=\"https:\/\/piu.rs\/wp-content\/uploads\/2024\/06\/20-full-6.jpg 752w, https:\/\/piu.rs\/wp-content\/uploads\/2024\/06\/20-full-6-300x199.jpg 300w\" sizes=\"auto, (max-width: 752px) 100vw, 752px\" \/><\/figure>","protected":false},"excerpt":{"rendered":"<p>Po\u010detak jula meseca obele\u017een je postavljanjem skela za potrebe postavke fasade u objektima Nau\u010dno-tehnolo\u0161kog parka Zvezdara, a istovremeno se privode kraju postavljanje horizontalnih razvoda instalacija. Radovi se realizuju u skladu sa predvi\u0111enom dinamikom.<\/p>","protected":false},"author":2,"featured_media":383,"comment_status":"open","ping_status":"open","sticky":false,"template":"","format":"standard","meta":{"footnotes":""},"categories":[1],"tags":[],"class_list":["post-382","post","type-post","status-publish","format-standard","has-post-thumbnail","hentry","category-uncategorized"],"acf":[],"_links":{"self":[{"href":"https:\/\/piu.rs\/en\/wp-json\/wp\/v2\/posts\/382","targetHints":{"allow":["GET"]}}],"collection":[{"href":"https:\/\/piu.rs\/en\/wp-json\/wp\/v2\/posts"}],"about":[{"href":"https:\/\/piu.rs\/en\/wp-json\/wp\/v2\/types\/post"}],"author":[{"embeddable":true,"href":"https:\/\/piu.rs\/en\/wp-json\/wp\/v2\/users\/2"}],"replies":[{"embeddable":true,"href":"https:\/\/piu.rs\/en\/wp-json\/wp\/v2\/comments?post=382"}],"version-history":[{"count":2,"href":"https:\/\/piu.rs\/en\/wp-json\/wp\/v2\/posts\/382\/revisions"}],"predecessor-version":[{"id":491,"href":"https:\/\/piu.rs\/en\/wp-json\/wp\/v2\/posts\/382\/revisions\/491"}],"wp:featuredmedia":[{"embeddable":true,"href":"https:\/\/piu.rs\/en\/wp-json\/wp\/v2\/media\/383"}],"wp:attachment":[{"href":"https:\/\/piu.rs\/en\/wp-json\/wp\/v2\/media?parent=382"}],"wp:term":[{"taxonomy":"category","embeddable":true,"href":"https:\/\/piu.rs\/en\/wp-json\/wp\/v2\/categories?post=382"},{"taxonomy":"post_tag","embeddable":true,"href":"https:\/\/piu.rs\/en\/wp-json\/wp\/v2\/tags?post=382"}],"curies":[{"name":"wp","href":"https:\/\/api.w.org\/{rel}","templated":true}]}}