{"id":391,"date":"2011-07-22T08:11:00","date_gmt":"2011-07-22T08:11:00","guid":{"rendered":"https:\/\/dev.piu.rs\/?p=391"},"modified":"2024-06-04T08:13:28","modified_gmt":"2024-06-04T08:13:28","slug":"pocela-izgradnja-naucno-tehnoloskog-parka-u-novom-sadu","status":"publish","type":"post","link":"https:\/\/piu.rs\/en\/pocela-izgradnja-naucno-tehnoloskog-parka-u-novom-sadu\/","title":{"rendered":"Po\u010dela izgradnja nau\u010dno-tehnolo\u0161kog parka u Novom Sadu"},"content":{"rendered":"<p>Potpredsednik Vlade za evropske integracije Bo\u017eidar \u0110eli\u0107, dr\u017eavni sekretar u Ministarstvu prosvete i nauke prof.dr Radivoje Mitrovi\u0107, predsednik pokrajinske Vlade dr Bojan Pajti\u0107 i rektor Univerziteta prof.dr Miroslav Veskovi\u0107 ozvani\u010dili su po\u010detak radova projekta &#8222;Nau\u010dno-tehnolo\u0161ki park faza 1&#8220; u Novom Sadu. Zavr\u0161etak radova na projektu o\u010dekuju se u aprilu 2012. godine.&nbsp;<\/p>\n\n\n\n<p>Ukupna povr\u0161ina objekata u kompleksu Nau\u010dno-tehnolo\u0161kog parka iznosi 22.650 metara kvadratnih, a investiociona vrednost radova je oko 20 miliona evra.<\/p>\n\n\n\n<p>Realizacija ovog projekta ostvarena je na osnovu Protokola i Ugovora o izgradnji Nau\u010dno-tehnolo\u0161kog parka \u010diji su potpisnici Ministarstvo za nauku i tehnolo\u0161ki razvoj, Fond za kapitalna ulaganja AP Vojvodine, Pokrajinski sekretarijat za nauku i tehnolo\u0161ki razvoj, Univerzitet u Novom Sadu, Fakultet tehni\u010dkih nauka u Novom Sadu i JUP \u201cIstra\u017eivanje i razvoj\u201c.<\/p>\n\n\n\n<figure class=\"wp-block-image size-full\"><img loading=\"lazy\" decoding=\"async\" width=\"534\" height=\"800\" src=\"https:\/\/dev.piu.rs\/wp-content\/uploads\/2024\/06\/22-full-2.jpg\" alt=\"\" class=\"wp-image-392\" srcset=\"https:\/\/piu.rs\/wp-content\/uploads\/2024\/06\/22-full-2.jpg 534w, https:\/\/piu.rs\/wp-content\/uploads\/2024\/06\/22-full-2-200x300.jpg 200w\" sizes=\"auto, (max-width: 534px) 100vw, 534px\" \/><\/figure>\n\n\n\n<figure class=\"wp-block-image size-full\"><img loading=\"lazy\" decoding=\"async\" width=\"850\" height=\"567\" src=\"https:\/\/dev.piu.rs\/wp-content\/uploads\/2024\/06\/22-full-3-1.jpg\" alt=\"\" class=\"wp-image-396\" srcset=\"https:\/\/piu.rs\/wp-content\/uploads\/2024\/06\/22-full-3-1.jpg 850w, https:\/\/piu.rs\/wp-content\/uploads\/2024\/06\/22-full-3-1-300x200.jpg 300w, https:\/\/piu.rs\/wp-content\/uploads\/2024\/06\/22-full-3-1-768x512.jpg 768w\" sizes=\"auto, (max-width: 850px) 100vw, 850px\" \/><\/figure>\n\n\n\n<figure class=\"wp-block-image size-full\"><img loading=\"lazy\" decoding=\"async\" width=\"534\" height=\"800\" src=\"https:\/\/dev.piu.rs\/wp-content\/uploads\/2024\/06\/22-full-4-1.jpg\" alt=\"\" class=\"wp-image-397\" srcset=\"https:\/\/piu.rs\/wp-content\/uploads\/2024\/06\/22-full-4-1.jpg 534w, https:\/\/piu.rs\/wp-content\/uploads\/2024\/06\/22-full-4-1-200x300.jpg 200w\" sizes=\"auto, (max-width: 534px) 100vw, 534px\" \/><\/figure>\n\n\n\n<figure class=\"wp-block-image size-full\"><img loading=\"lazy\" decoding=\"async\" width=\"850\" height=\"567\" src=\"https:\/\/dev.piu.rs\/wp-content\/uploads\/2024\/06\/22-full-5-1.jpg\" alt=\"\" class=\"wp-image-398\" srcset=\"https:\/\/piu.rs\/wp-content\/uploads\/2024\/06\/22-full-5-1.jpg 850w, https:\/\/piu.rs\/wp-content\/uploads\/2024\/06\/22-full-5-1-300x200.jpg 300w, https:\/\/piu.rs\/wp-content\/uploads\/2024\/06\/22-full-5-1-768x512.jpg 768w\" sizes=\"auto, (max-width: 850px) 100vw, 850px\" \/><\/figure>","protected":false},"excerpt":{"rendered":"<p>Potpredsednik Vlade za evropske integracije Bo\u017eidar \u0110eli\u0107, dr\u017eavni sekretar u Ministarstvu prosvete i nauke prof.dr Radivoje Mitrovi\u0107, predsednik pokrajinske Vlade dr Bojan Pajti\u0107 i rektor Univerziteta prof.dr Miroslav Veskovi\u0107 ozvani\u010dili su po\u010detak radova projekta &#8222;Nau\u010dno-tehnolo\u0161ki park faza 1&#8220; u Novom Sadu. Zavr\u0161etak radova na projektu o\u010dekuju se u aprilu 2012. godine.&nbsp; Ukupna povr\u0161ina objekata u&#8230;<\/p>","protected":false},"author":2,"featured_media":0,"comment_status":"open","ping_status":"open","sticky":false,"template":"","format":"standard","meta":{"footnotes":""},"categories":[1],"tags":[],"class_list":["post-391","post","type-post","status-publish","format-standard","hentry","category-uncategorized"],"acf":[],"_links":{"self":[{"href":"https:\/\/piu.rs\/en\/wp-json\/wp\/v2\/posts\/391","targetHints":{"allow":["GET"]}}],"collection":[{"href":"https:\/\/piu.rs\/en\/wp-json\/wp\/v2\/posts"}],"about":[{"href":"https:\/\/piu.rs\/en\/wp-json\/wp\/v2\/types\/post"}],"author":[{"embeddable":true,"href":"https:\/\/piu.rs\/en\/wp-json\/wp\/v2\/users\/2"}],"replies":[{"embeddable":true,"href":"https:\/\/piu.rs\/en\/wp-json\/wp\/v2\/comments?post=391"}],"version-history":[{"count":1,"href":"https:\/\/piu.rs\/en\/wp-json\/wp\/v2\/posts\/391\/revisions"}],"predecessor-version":[{"id":399,"href":"https:\/\/piu.rs\/en\/wp-json\/wp\/v2\/posts\/391\/revisions\/399"}],"wp:attachment":[{"href":"https:\/\/piu.rs\/en\/wp-json\/wp\/v2\/media?parent=391"}],"wp:term":[{"taxonomy":"category","embeddable":true,"href":"https:\/\/piu.rs\/en\/wp-json\/wp\/v2\/categories?post=391"},{"taxonomy":"post_tag","embeddable":true,"href":"https:\/\/piu.rs\/en\/wp-json\/wp\/v2\/tags?post=391"}],"curies":[{"name":"wp","href":"https:\/\/api.w.org\/{rel}","templated":true}]}}